{"id":4686,"date":"2024-06-10T09:27:27","date_gmt":"2024-06-10T07:27:27","guid":{"rendered":"https:\/\/plano-wfm.com\/be-nl\/?p=4686"},"modified":"2024-08-15T08:55:12","modified_gmt":"2024-08-15T06:55:12","slug":"gestion-des-competences-nouvelle-valeur-importante","status":"publish","type":"post","link":"https:\/\/plano-wfm.com\/be-fr\/gestion-des-competences-nouvelle-valeur-importante\/","title":{"rendered":"Gestion des comp\u00e9tences &#8211; nouvelle valeur cl\u00e9"},"content":{"rendered":"<h4><strong>\u00c0 l&#8217;heure o\u00f9 la technologie et les exigences sectorielles \u00e9voluent en continu, les comp\u00e9tences (skills) des employ\u00e9s constiuent une monnaie pr\u00e9cieuse qui permettent aux employ\u00e9s et aux entreprises de se tourner vers l&#8217;avenir. C\u2019est pourquoi l\u2019importance d\u2019acqu\u00e9rir, de d\u00e9velopper et d\u2019utiliser des comp\u00e9tences de mani\u00e8re cibl\u00e9e ne cesse de cro\u00eetre, et les entreprises sont de plus en plus conscientes que la r\u00e9ussite passe par la gestion efficace et le d\u00e9veloppement des comp\u00e9tences de leurs employ\u00e9s.<\/strong><\/h4>\n<hr \/>\n<h3><strong>Contenu<\/strong><\/h3>\n<p><a href=\"#01\">\u2193 En quoi consiste la gestion des comp\u00e9tences ?<\/a><br \/>\n<a href=\"#02\">\u2193 Pourquoi faut-il suivre de pr\u00e8s les comp\u00e9tences des employ\u00e9s ?<\/a><br \/>\n<a href=\"#03\">\u2193 Initiatives cl\u00e9s dans la gestion des comp\u00e9tences<\/a><br \/>\n<a href=\"#04\">\u2193 La gestion des comp\u00e9tences combin\u00e9e au WFM bas\u00e9 sur l&#8217;IA<\/a><br \/>\n<a href=\"#05\">\u2193 La p\u00e9rennit\u00e9 gr\u00e2ce \u00e0 la gestion des comp\u00e9tences<\/a><br \/>\n<span id=\"01\">\u00a0<\/span><\/p>\n<p>&nbsp;<\/p>\n<hr \/>\n<h2><strong>En quoi consiste la gestion des comp\u00e9tences ?<\/strong><\/h2>\n<p>La gestion des comp\u00e9tences repr\u00e9sente l\u2019utilisation optimale de tout le capital humain disponible au sein d\u2019une entreprise. Elle consiste \u00e0 d\u00e9finir les connaissances et les comp\u00e9tences requises pour chaque t\u00e2che ou projet, \u00e0 d\u00e9velopper les qualifications correspondantes au sein du personnel, \u00e0 surveiller leur validit\u00e9 et, si besoin, \u00e0 mettre en place les formations adapt\u00e9es. L\u2019objectif est de r\u00e9pondre aux besoins en personnel disposant des comp\u00e9tences requises et de pr\u00e9voir toujours suffisamment d\u2019employ\u00e9s en fonction de leurs qualifications au bon moment et au bon endroit.<br \/>\n<span id=\"02\">\u00a0<\/span><\/p>\n<p>&nbsp;<\/p>\n<hr \/>\n<h2><strong>Pourquoi faut-il suivre de pr\u00e8s les comp\u00e9tences des employ\u00e9s ?<\/strong><\/h2>\n<p>La gestion des comp\u00e9tences ne se limite pas \u00e0 l\u2019identification des besoins en ressources humaines, \u00e0 l&#8217;affectation du personnel et \u00e0 la gestion des formations.<\/p>\n<p>Les entreprises qui comptent de nombreux employ\u00e9s se doivent aussi de surveiller en permanence leurs comp\u00e9tences et leurs capacit\u00e9s. Mais c\u2019est une t\u00e2che souvent difficile \u00e0 r\u00e9aliser. En passant \u00e0 c\u00f4t\u00e9 de qualifications importantes, elles risquent de gaspiller le potentiel disponible et de ne pas exploiter toutes les possibilit\u00e9s offertes. La s\u00e9curit\u00e9 dans des secteurs critiques comme l\u2019a\u00e9ronautique pourrait m\u00eame ne plus \u00eatre garantie si les qualifications des salari\u00e9s n\u2019\u00e9taient plus valides.<\/p>\n<p>Pour \u00e9viter ces risques lors de la gestion des plannings, il est recommand\u00e9 d&#8217;utiliser un logiciel de gestion des comp\u00e9tences appropri\u00e9 dans le cadre de la gestion du personnel. Le suivi et la gestion des comp\u00e9tences permettent de s\u2019assurer que les ressources disponibles sont utilis\u00e9es efficacement au sein de l\u2019entreprise.<\/p>\n<p>Les employ\u00e9s dot\u00e9s d\u2019excellentes capacit\u00e9s de communication et capables de faire preuve d\u2019empathie envers les clients auront parfaitement leur place dans un service d\u2019assistance t\u00e9l\u00e9phonique pour r\u00e9soudre les plaintes et les situations difficiles. Des connaissances linguistiques particuli\u00e8res, comme celles d&#8217;un locuteur natif, ou une exp\u00e9rience en vente sont d\u2019autres comp\u00e9tences qui peuvent apporter une plus-value au sein d\u2019une \u00e9quipe, si elles sont utilis\u00e9es \u00e0 bon escient.<\/p>\n<p>Le secteur de l&#8217;a\u00e9ronautique requiert \u00e9galement des comp\u00e9tences sp\u00e9cifiques. Les entreprises doivent s&#8217;assurer que tous les employ\u00e9s respectent les normes de s\u00e9curit\u00e9 requises. Un logiciel de gestion du personnel rep\u00e8re et rappelle en temps utile que les certificats ont expir\u00e9 et exclut le collaborateur concern\u00e9 du syst\u00e8me de gestion des comp\u00e9tences pour certaines t\u00e2ches, jusqu&#8217;\u00e0 ce que le certificat en question ait \u00e9t\u00e9 renouvel\u00e9. Les entreprises qui utilisent un logiciel de gestion des formations peuvent inscrire automatiquement leurs employ\u00e9s aux formations souhait\u00e9es.<\/p>\n<p>Int\u00e9gr\u00e9e \u00e0 la gestion du personnel, la gestion des comp\u00e9tences permet de s\u2019assurer que tous les employ\u00e9s disposent des comp\u00e9tences et des qualifications requises et qu&#8217;ils sont affect\u00e9s au sein de la bonne \u00e9quipe ou au bon endroit.<br \/>\n<span id=\"03\">\u00a0<\/span><\/p>\n<p>&nbsp;<\/p>\n<hr \/>\n<h2><strong>Initiatives cl\u00e9s dans la gestion des comp\u00e9tences<\/strong><\/h2>\n<ul>\n<li><strong>Analyse des besoins :<\/strong><br \/>\nEn analysant les exigences de travail actuelles et futures, les entreprises peuvent d\u00e9terminer les comp\u00e9tences requises pour effectuer certaines t\u00e2ches.<\/li>\n<li><strong>Identification des comp\u00e9tences :<\/strong><br \/>\nLes entreprises sont tenues de r\u00e9pertorier avec pr\u00e9cision les capacit\u00e9s et qualifications dont disposent leurs employ\u00e9s, afin d&#8217;exploiter au mieux le potentiel de ceux-ci ou d&#8217;identifier les manquements et de prendre des mesures cibl\u00e9es pour d\u00e9velopper de nouvelles comp\u00e9tences.<\/li>\n<li><strong>D\u00e9veloppement des comp\u00e9tences :<\/strong><br \/>\nLes employ\u00e9s peuvent b\u00e9n\u00e9ficier de formations, de programmes de formation continue ou de mentorat qui les aideront \u00e0 d\u00e9velopper leurs comp\u00e9tences et \u00e0 s&#8217;adapter aux nouvelles exigences.<\/li>\n<li><strong>R\u00e9tention des comp\u00e9tences :<\/strong><br \/>\nLes entreprises doivent prendre les mesures n\u00e9cessaires pour retenir les employ\u00e9s qualifi\u00e9s \u00e0 long terme, en leur offrant par exemple des conditions de travail attrayantes, des possibilit\u00e9s d\u2019\u00e9volution de carri\u00e8re et en reconnaissant leurs performances et leurs comp\u00e9tences.<img loading=\"lazy\" decoding=\"async\" class=\"wp-image-4690 aligncenter\" src=\"https:\/\/interflex.allegion.com\/be-fr\/wp-content\/uploads\/sites\/64\/2024\/06\/20240606_Skill-Management_Kerninitiativen_NL_Zeichenflache-1.jpg?w=1024\" alt=\"\u00c9l\u00e9ments cl\u00e9s de la gestion des comp\u00e9tences\" width=\"463\" height=\"463\" srcset=\"https:\/\/plano-wfm.com\/be-fr\/wp-content\/uploads\/sites\/64\/2024\/06\/20240606_Skill-Management_Kerninitiativen_NL_Zeichenflache-1.jpg 1080w, https:\/\/plano-wfm.com\/be-fr\/wp-content\/uploads\/sites\/64\/2024\/06\/20240606_Skill-Management_Kerninitiativen_NL_Zeichenflache-1.jpg?resize=150,150 150w, https:\/\/plano-wfm.com\/be-fr\/wp-content\/uploads\/sites\/64\/2024\/06\/20240606_Skill-Management_Kerninitiativen_NL_Zeichenflache-1.jpg?resize=480,480 480w, https:\/\/plano-wfm.com\/be-fr\/wp-content\/uploads\/sites\/64\/2024\/06\/20240606_Skill-Management_Kerninitiativen_NL_Zeichenflache-1.jpg?resize=720,720 720w, https:\/\/plano-wfm.com\/be-fr\/wp-content\/uploads\/sites\/64\/2024\/06\/20240606_Skill-Management_Kerninitiativen_NL_Zeichenflache-1.jpg?resize=960,960 960w\" sizes=\"auto, (max-width: 463px) 100vw, 463px\" \/><\/li>\n<\/ul>\n<p><span id=\"04\">\u00a0<\/span><\/p>\n<p>&nbsp;<\/p>\n<hr \/>\n<h2><strong>La gestion des comp\u00e9tences combin\u00e9e \u00e0 la gestion du personnel bas\u00e9e sur l&#8217;IA <\/strong><\/h2>\n<p>La gestion des comp\u00e9tences combin\u00e9e \u00e0 la gestion du personnel bas\u00e9e sur l&#8217;IA consiste \u00e0 surveiller, adapter et utiliser en permanence les comp\u00e9tences des employ\u00e9s au sein de l&#8217;entreprise.<\/p>\n<p>L&#8217;automatisation et l&#8217;utilisation de l&#8217;intelligence artificielle permettent aux entreprises de g\u00e9rer et d&#8217;optimiser plus efficacement les capacit\u00e9s et les comp\u00e9tences de leurs employ\u00e9s. Elles peuvent pr\u00e9voir avec pr\u00e9cision les besoins en comp\u00e9tences et qualifications sp\u00e9cifiques et organiser les formations et ressources n\u00e9cessaires. Les donn\u00e9es historiques sont analys\u00e9es \u00e0 l\u2019aide d\u2019algorithmes bas\u00e9s sur l&#8217;IA afin de cr\u00e9er des plannings optimis\u00e9s.<\/p>\n<p>Par ailleurs, la gestion efficace et automatis\u00e9e des comp\u00e9tences permet d\u2019am\u00e9liorer l\u2019affectation du personnel, en attribuant les projets et les t\u00e2ches aux employ\u00e9s en fonction de leur exp\u00e9rience et de leurs comp\u00e9tences individuelles, ce qui augmente non seulement leur efficacit\u00e9 et leur productivit\u00e9, mais am\u00e9liore aussi leur satisfaction, car ils se voient attribuer des t\u00e2ches qui correspondent \u00e0 leurs points forts.<br \/>\n<span id=\"05\">\u00a0<\/span><\/p>\n<p>&nbsp;<\/p>\n<hr \/>\n<h2><strong>La p\u00e9rennit\u00e9 gr\u00e2ce \u00e0 la gestion des comp\u00e9tences<\/strong><\/h2>\n<p>Dans la dynamique actuelle du monde du travail, les entreprises sont tenues d\u2019afficher en permanence une grande capacit\u00e9 d&#8217;adaptation. \u00c0 l&#8217;heure o\u00f9 les exigences peuvent changer en un clin d\u2019oeil, l&#8217;agilit\u00e9 devient un facteur cl\u00e9 de la r\u00e9ussite.<\/p>\n<p>Pour \u00eatre plus agiles, les entreprises doivent g\u00e9rer les comp\u00e9tences de leurs employ\u00e9s de mani\u00e8re cibl\u00e9e, en augmentant leur efficacit\u00e9 en fonction de leurs capacit\u00e9s et de leurs comp\u00e9tences et en se concentrant sur les secteurs o\u00f9 ils sont indispensables. L&#8217;efficacit\u00e9 favorise \u00e0 son tour la flexibilit\u00e9 au travail et renforce la collaboration et le partage de connaissances.<\/p>\n<p>De mani\u00e8re g\u00e9n\u00e9rale, le monde du travail est \u00e0 la veille de changements passionnants. Les entreprises qui abordent ces changements de mani\u00e8re proactive seront \u00e0 m\u00eame de faire face aux exigences changeantes, assureront leur succ\u00e8s et leur comp\u00e9titivit\u00e9.<\/p>\n<h2><span style=\"color: #02b3b5\">Envie d\u2019en savoir plus\u00a0?<\/span><\/h2>\n<p>Cliquez ici pour obtenir de plus amples informations sur notre logiciel de gestion du personnel plano WFM et ses domaines d\u2019application\u00a0:<\/p>\n<p><a href=\"https:\/\/plano-wfm.com\/be-fr\/\">\u2192 Workforce Management de plano<\/a><\/p>\n<p><strong><a href=\"https:\/\/plano-wfm.com\/be-fr\/gartner-reports-workforce-management\"><u>Hier<\/u><\/a>Consultez ici un rapport captivant de Gartner<sup>\u00ae<\/sup>.<\/strong><\/p>\n","protected":false},"excerpt":{"rendered":"<p>\u2193 En quoi consiste la gestion des comp\u00e9tences ? \u2193 Pourquoi faut-il suivre de pr\u00e8s les comp\u00e9tences des employ\u00e9s ? [&#8230;]<\/p>\n","protected":false},"author":199,"featured_media":4687,"comment_status":"open","ping_status":"open","sticky":false,"template":"","format":"standard","meta":{"_acf_changed":false,"_trash_the_other_posts":false,"_jetpack_memberships_contains_paid_content":false,"footnotes":""},"categories":[3],"tags":[],"class_list":["post-4686","post","type-post","status-publish","format-standard","has-post-thumbnail","hentry","category-knowledge"],"acf":[],"jetpack_featured_media_url":"https:\/\/plano-wfm.com\/be-fr\/wp-content\/uploads\/sites\/64\/2024\/06\/Skill-Management-Gartner.jpg","jetpack_sharing_enabled":true,"_links":{"self":[{"href":"https:\/\/plano-wfm.com\/be-fr\/wp-json\/wp\/v2\/posts\/4686","targetHints":{"allow":["GET"]}}],"collection":[{"href":"https:\/\/plano-wfm.com\/be-fr\/wp-json\/wp\/v2\/posts"}],"about":[{"href":"https:\/\/plano-wfm.com\/be-fr\/wp-json\/wp\/v2\/types\/post"}],"author":[{"embeddable":true,"href":"https:\/\/plano-wfm.com\/be-fr\/wp-json\/wp\/v2\/users\/199"}],"replies":[{"embeddable":true,"href":"https:\/\/plano-wfm.com\/be-fr\/wp-json\/wp\/v2\/comments?post=4686"}],"version-history":[{"count":8,"href":"https:\/\/plano-wfm.com\/be-fr\/wp-json\/wp\/v2\/posts\/4686\/revisions"}],"predecessor-version":[{"id":5108,"href":"https:\/\/plano-wfm.com\/be-fr\/wp-json\/wp\/v2\/posts\/4686\/revisions\/5108"}],"wp:featuredmedia":[{"embeddable":true,"href":"https:\/\/plano-wfm.com\/be-fr\/wp-json\/wp\/v2\/media\/4687"}],"wp:attachment":[{"href":"https:\/\/plano-wfm.com\/be-fr\/wp-json\/wp\/v2\/media?parent=4686"}],"wp:term":[{"taxonomy":"category","embeddable":true,"href":"https:\/\/plano-wfm.com\/be-fr\/wp-json\/wp\/v2\/categories?post=4686"},{"taxonomy":"post_tag","embeddable":true,"href":"https:\/\/plano-wfm.com\/be-fr\/wp-json\/wp\/v2\/tags?post=4686"}],"curies":[{"name":"wp","href":"https:\/\/api.w.org\/{rel}","templated":true}]}}