{"id":5647,"date":"2026-03-19T14:16:42","date_gmt":"2026-03-19T13:16:42","guid":{"rendered":"https:\/\/plano-wfm.com\/be-fr\/?p=5647"},"modified":"2026-04-20T15:36:08","modified_gmt":"2026-04-20T13:36:08","slug":"gestion-de-la-capacite","status":"publish","type":"post","link":"https:\/\/plano-wfm.com\/be-fr\/gestion-de-la-capacite\/","title":{"rendered":"Qu\u2019est-ce que la gestion de la capacit\u00e9\u202f?"},"content":{"rendered":"<p>La gestion de la capacit\u00e9 est le processus par lequel une organisation planifie, g\u00e8re et optimise structurellement sa capacit\u00e9, afin de toujours r\u00e9pondre au mieux \u00e0 la demande. Il convient de r\u00e9agir imm\u00e9diatement \u00e0 la situation du moment et aux besoins r\u00e9els, puis d\u2019ajuster la capacit\u00e9 d\u00e8s que cela s\u2019av\u00e8re n\u00e9cessaire.<\/p>\n<p>Quelle est la diff\u00e9rence entre gestion de la capacit\u00e9 et planification de la capacit\u00e9\u202f? Quels sont les avantages de la gestion de la capacit\u00e9\u202f? Et comment la mettre en \u0153uvre efficacement dans l\u2019organisation\u202f? Vous d\u00e9couvrirez toutes les r\u00e9ponses dans cet article.<\/p>\n<h2>Contenu<\/h2>\n<p><a href=\"#01\">\u2193 Diff\u00e9rence entre gestion et planification de la capacit\u00e9<\/a><br \/>\n<a href=\"#02\">\u2193 Gestion de la capacit\u00e9\u202f: exemple dans le secteur des soins de sant\u00e9<\/a><br \/>\n<a href=\"#03\">\u2193 Avantages de la gestion de la capacit\u00e9<\/a><br \/>\n<a href=\"#04\">\u2193 Gestion de la capacit\u00e9 en quatre \u00e9tapes\u202f: comment la mettre en \u0153uvre dans votre organisation\u202f?<\/a><br \/>\n<a href=\"#05\">\u2193 Automatisation de la gestion de la capacit\u00e9 avec plano\u202f: gagnez du temps et r\u00e9duisez les co\u00fbts<\/a><\/p>\n<p><span id=\"01\">\u00a0<\/span><\/p>\n<p>&nbsp;<\/p>\n<hr \/>\n<h2>Diff\u00e9rence entre gestion et planification de la capacit\u00e9<\/h2>\n<p>Commen\u00e7ons par analyser plus en d\u00e9tail la d\u00e9finition de la gestion de la capacit\u00e9. Que recouvre cette notion exactement et en quoi se distingue-t-elle de la \u00ab\u202fplanification de la capacit\u00e9\u202f\u00bb\u202f?<\/p>\n<h3>Que signifie la gestion de la capacit\u00e9\u202f?<\/h3>\n<p>La gestion de la capacit\u00e9 est un processus global qui permet \u00e0 votre organisation de disposer structurellement des bonnes personnes et des bonnes ressources au bon moment. Vous ne vous contentez pas de planifier en pr\u00e9vision d\u2019une p\u00e9riode ou d\u2019une situation sp\u00e9cifique\u202f: vous ajustez en continu la capacit\u00e9 en fonction de la demande. M\u00eame si des modifications soudaines s\u2019imposent dans le planning, par exemple en raison d\u2019un changement de situation ou d\u2019une absence impr\u00e9vue d\u2019un membre du personnel, la capacit\u00e9 est imm\u00e9diatement adapt\u00e9e.<\/p>\n<h3>Qu\u2019est-ce que la planification de la capacit\u00e9\u202f?<\/h3>\n<p>La <a href=\"https:\/\/plano-wfm.com\/be-fr\/planification-de-la-capacit\u00e9\/\">planification de la capacit\u00e9<\/a> fait partie du processus de gestion de la capacit\u00e9 et consiste \u00e0 \u00e9tablir les plannings en fonction de situations ou p\u00e9riodes sp\u00e9cifiques \u00e0 venir, \u00e0 court ou moyen terme. Si vous savez qu\u2019une p\u00e9riode charg\u00e9e approche, vous planifiez par exemple plus de personnel. Et inversement, lors de p\u00e9riodes plus calmes, vous pr\u00e9voyez moins de collaborateurs.<\/p>\n<p>&nbsp;<\/p>\n<p><span id=\"02\">\u00a0<\/span><\/p>\n<p>&nbsp;<\/p>\n<hr \/>\n<h2>Gestion de la capacit\u00e9\u202f: exemple dans le secteur des soins de sant\u00e9<\/h2>\n<p>Pour mieux illustrer ce qu\u2019est la gestion de la capacit\u00e9, voici un exemple pratique. Nous allons aborder la gestion et la planification de la capacit\u00e9 dans le secteur de la <a href=\"https:\/\/plano-wfm.com\/be-fr\/planification-du-personnel-secteur-sante\/\">sant\u00e9<\/a>, \u00e0 savoir un h\u00f4pital. Que fait un gestionnaire de la capacit\u00e9 dans ce cas pr\u00e9cis\u202f?<\/p>\n<h3>Qu\u2019est-ce que la gestion de la capacit\u00e9 dans le secteur des soins de sant\u00e9\u202f?<\/h3>\n<p>Supposons qu\u2019un jour, le nombre de patients admis d\u00e9passe largement les pr\u00e9visions. Gr\u00e2ce \u00e0 la gestion de la capacit\u00e9, l\u2019organisation r\u00e9agit imm\u00e9diatement \u00e0 la situation r\u00e9elle et ajuste la capacit\u00e9 en fonction des besoins. Cela peut impliquer\u202f:<\/p>\n<ul>\n<li>l\u2019activation de personnel suppl\u00e9mentaire (par exemple, gr\u00e2ce \u00e0 un pool de travailleurs flexibles)\u202f;<\/li>\n<li>la d\u00e9cision de reporter temporairement certains traitements ou op\u00e9rations programm\u00e9s, afin de lib\u00e9rer du personnel et des lits\u202f;<\/li>\n<li>la tenue d\u2019une r\u00e9union avec d\u2019autres services pour am\u00e9liorer le flux de patients.<\/li>\n<\/ul>\n<p>La gestion de la capacit\u00e9 dans le secteur des soins de sant\u00e9 consiste \u00e0 faire en sorte que les ressources disponibles (personnel, lits, \u00e9quipements, salles) r\u00e9pondent en permanence et de mani\u00e8re optimale aux besoins des clients ou des patients en termes de soins.<\/p>\n<h3>Qu\u2019est-ce que la planification de la capacit\u00e9 dans le secteur des soins de sant\u00e9\u202f?<\/h3>\n<p>Supposons qu\u2019un h\u00f4pital s\u2019attende \u00e0 recevoir davantage de patients aux urgences durant l\u2019hiver en raison d\u2019infections virales ou de grippes. Gr\u00e2ce \u00e0 la planification de la capacit\u00e9, l\u2019h\u00f4pital anticipe et se pr\u00e9pare \u00e0 cette hausse momentan\u00e9e. Sur la base de donn\u00e9es historiques, l\u2019\u00e9tablissement planifie par exemple\u202f:<\/p>\n<ul>\n<li>du personnel infirmier suppl\u00e9mentaire de d\u00e9cembre \u00e0 f\u00e9vrier\u202f;<\/li>\n<li>un renfort accru en m\u00e9decins lors des journ\u00e9es de forte affluence\u202f;<\/li>\n<li>plus de lits disponibles aux urgences ou dans les unit\u00e9s d\u2019admission\u202f;<\/li>\n<li>une extension temporaire des heures d\u2019ouverture des urgences.<\/li>\n<\/ul>\n<p><span id=\"03\">\u00a0<\/span><\/p>\n<p>&nbsp;<\/p>\n<hr \/>\n<h2>Avantages de la gestion de la capacit\u00e9<\/h2>\n<p>Pourquoi s\u2019int\u00e9resser \u00e0 la gestion de la capacit\u00e9\u202f? Parce qu\u2019elle permet \u00e0 votre organisation de b\u00e9n\u00e9ficier de diff\u00e9rents avantages\u202f:<\/p>\n<ul>\n<li><strong>Utilisation efficace du personnel et du temps.<\/strong> En alignant la capacit\u00e9 sur la demande, vous \u00e9vitez la sous-occupation ou la suroccupation.<\/li>\n<li><strong>Co\u00fbts r\u00e9duits.<\/strong> Une utilisation efficace des ressources r\u00e9duit le gaspillage et les co\u00fbts op\u00e9rationnels, notamment les heures suppl\u00e9mentaires, les p\u00e9riodes d\u2019inactivit\u00e9 ou les co\u00fbts de stockage.<\/li>\n<li><strong>Meilleure prise de d\u00e9cision strat\u00e9gique.<\/strong> Avec une vision claire de la capacit\u00e9 et du taux d\u2019utilisation, il devient plus simple de planifier \u00e0 long terme\u202f: faut-il investir dans l\u2019expansion, la formation, l\u2019automatisation et\/ou le recrutement\u202f?<\/li>\n<li><strong>Collaborateurs satisfaits et absent\u00e9isme en baisse.<\/strong> Un ajustement \u00e9quilibr\u00e9 de la capacit\u00e9 \u00e9vite les surcharges et am\u00e9liore la motivation, ce qui diminue l\u2019absent\u00e9isme.<\/li>\n<li><strong>Satisfaction client am\u00e9lior\u00e9e.<\/strong> Une capacit\u00e9 bien ajust\u00e9e permet de servir les clients plus rapidement et plus efficacement\u202f: moins d\u2019attente, moins d\u2019erreurs et meilleure qualit\u00e9 de service.<\/li>\n<\/ul>\n<p>&nbsp;<\/p>\n<p><span id=\"04\">\u00a0<\/span><\/p>\n<p>&nbsp;<\/p>\n<hr \/>\n<h2>Gestion de la capacit\u00e9 en quatre \u00e9tapes\u202f: comment la mettre en \u0153uvre dans votre organisation\u202f?<\/h2>\n<p>Comment proc\u00e9der pour impl\u00e9menter la gestion de la capacit\u00e9 au sein de votre organisation\u202f? Le plus simple est d\u2019utiliser un outil tel que <a href=\"https:\/\/plano-wfm.com\/be-fr\/planification-du-personnel\/\">plano WFM<\/a> qui g\u00e9n\u00e8re automatiquement les plannings pour vous selon les tendances, les donn\u00e9es et les moments de forte affluence attendus. De plus, en cas de changement impr\u00e9vu, il fait syst\u00e9matiquement une proposition d\u2019adaptation du planning.<\/p>\n<p>Vous pr\u00e9f\u00e9rez g\u00e9rer vous-m\u00eame ce processus\u202f? En bref, il comprend 4 \u00e9tapes\u202f:<\/p>\n<h3>\u00c9tape 1. Analysez\u202f: visibilit\u00e9 sur la charge de travail et les ressources<\/h3>\n<p>Commencez par rassembler des donn\u00e9es sur la charge de travail et la capacit\u00e9 requise par le biais de mesures de temps, de normalisations et de comparaisons avec d\u2019autres organisations. Identifiez les diff\u00e9rents types de t\u00e2ches\u202f:<\/p>\n<ul>\n<li>T\u00e2ches fixes (quotidiennes et r\u00e9currentes)<\/li>\n<li>T\u00e2ches flexibles (r\u00e9unions, administration, etc.)<\/li>\n<li>T\u00e2ches impr\u00e9visibles (demandes urgentes, etc.)<\/li>\n<\/ul>\n<p>Calculez ensuite la capacit\u00e9 r\u00e9ellement disponible, en tenant compte des absences, des cong\u00e9s, des heures indirectes, des contrats de travail et de la r\u00e9glementation en vigueur. Pour les pics impr\u00e9vus, il est judicieux de pr\u00e9voir un pool de collaborateurs flexibles (travailleurs temporaires, etc.).<\/p>\n<h3>\u00c9tape 2. Comparez\u202f: \u00e9quilibre entre la demande et la capacit\u00e9<\/h3>\n<p>V\u00e9rifiez si vous disposez de suffisamment de personnes et de ressources pour la charge de travail pr\u00e9vue. Ne vous limitez pas aux chiffres\u202f: tenez compte \u00e9galement de la r\u00e9glementation applicable, des comp\u00e9tences, des qualifications et des contrats de travail. L\u2019objectif est de trouver le bon \u00ab\u202fmatch\u202f\u00bb entre ce qui est requis et ce dont vous disposez.<\/p>\n<h3>\u00c9tape 3. Planifiez\u202f: utilisation concr\u00e8te de la capacit\u00e9<\/h3>\n<p>\u00c9tablissez le planning en associant la capacit\u00e9 disponible \u00e0 la charge de travail attendue. Tenez compte des influences saisonni\u00e8res, des diff\u00e9rents types de services, des pauses, de la croissance et des impr\u00e9vus tels que les maladies ou la rotation du personnel.<\/p>\n<h3>\u00c9tape 4. \u00c9valuez et adaptez\u202f: r\u00e9action \u00e0 la situation r\u00e9elle<\/h3>\n<p>Confrontez en permanence le planning \u00e0 la r\u00e9alit\u00e9 et adaptez-le si la demande en personnel ou en ressources change. Assurez-vous d\u2019\u00eatre pr\u00eat aux changements \u00e9ventuels et de trouver rapidement une solution.<br \/>\n<span id=\"05\">\u00a0<\/span><\/p>\n<p>&nbsp;<\/p>\n<hr \/>\n<h2>Automatisation de la gestion de la capacit\u00e9 avec plano\u202f: gagnez du temps et r\u00e9duisez les co\u00fbts<\/h2>\n<p>Saviez-vous que vous pouvez automatiser la gestion de la capacit\u00e9 avec <a href=\"https:\/\/plano-wfm.com\/be-fr\/planification-du-personnel\/\">plano WFM<\/a>\u202f? Et que cette solution vous fera \u00e9conomiser du temps et de l\u2019argent\u202f?<\/p>\n<ul>\n<li>Avec plano, vous disposez toujours d\u2019une vue claire du nombre de collaborateurs n\u00e9cessaires, \u00e0 quel moment et \u00e0 quel endroit.<\/li>\n<li>Vous cr\u00e9ez un planning en un clic, qui tient compte des <a href=\"https:\/\/plano-wfm.com\/be-fr\/logiciel-de-gestion-des-competences\/\">comp\u00e9tences<\/a>, des <a href=\"https:\/\/plano-wfm.com\/be-fr\/kwalificatiebeheer-software\/\">qualifications<\/a> et de la r\u00e9glementation applicable.<\/li>\n<li>En cas de changement (pr\u00e9vu ou non), vous proc\u00e9dez rapidement et facilement aux ajustements n\u00e9cessaires\u202f: le syst\u00e8me vous propose automatiquement une solution adapt\u00e9e.<\/li>\n<\/ul>\n<p>R\u00e9sultat\u202f: vos collaborateurs sont <strong>utilis\u00e9s de mani\u00e8re optimale<\/strong>, il n\u2019y a <strong>ni suroccupation ni sous-occupation<\/strong>, les collaborateurs et les clients sont <strong>satisfaits<\/strong>, et vous ne <strong>perdez plus de temps ni d\u2019\u00e9nergie<\/strong> \u00e0 \u00e9tablir des plannings complexes et \u00e0 \u00e9viter les erreurs ou les risques juridiques.<\/p>\n<p><span id=\"06\">\u00a0<\/span><\/p>\n<p>&nbsp;<\/p>\n<hr \/>\n<p>&nbsp;<\/p>\n<p>&nbsp;<\/p>\n<h2><span style=\"color: #02b3b5\">Vous souhaitez une d\u00e9mo de plano\u202f?<\/span><\/h2>\n<p>Envie de d\u00e9couvrir par vous-m\u00eame la simplicit\u00e9 d\u2019utilisation de plano WFM\u202f? D\u2019en savoir plus sur ses fonctionnalit\u00e9s\u202f? Et de savoir quelles t\u00e2ches vous n\u2019aurez plus jamais \u00e0 r\u00e9aliser manuellement\u202f? R\u00e9servez votre d\u00e9mo gratuite d\u00e8s maintenant ou contactez-nous via le formulaire ci-dessous.<\/p>\n<p><span class=\"brxe-button btn crm-popup-trigger bricks-button bricks-background-primary\" role=\"button\" aria-label=\"\u00d6ffnet das Demo-buchen-Popup\" data-interactions=\"[{&quot;id&quot;:&quot;copyle&quot;,&quot;trigger&quot;:&quot;click&quot;,&quot;action&quot;:&quot;show&quot;,&quot;target&quot;:&quot;popup&quot;,&quot;templateId&quot;:&quot;4088&quot;}]\" data-interaction-id=\"c42f41\">DEMO AANVRAGEN<\/span><\/p>\n<p><a href=\"https:\/\/www.instagram.com\/plano_wfm\/\" target=\"_blank\" rel=\"noopener\"><img loading=\"lazy\" decoding=\"async\" class=\"alignnone wp-image-4312\" src=\"https:\/\/plano-wfm.com\/de-de\/wp-content\/uploads\/sites\/40\/2024\/06\/20230714-Instagram.png?w=876\" alt=\"\" width=\"30\" height=\"30\" \/><\/a> <a href=\"https:\/\/www.linkedin.com\/company\/plano-wfm\/\" target=\"_blank\" rel=\"noopener\"><img loading=\"lazy\" decoding=\"async\" class=\"alignnone wp-image-4313\" src=\"https:\/\/plano-wfm.com\/de-de\/wp-content\/uploads\/sites\/40\/2024\/06\/20230714-LinkedIn-e1717585657990.png?w=50\" alt=\"\" width=\"30\" height=\"30\" \/><\/a> <a href=\"https:\/\/www.youtube.com\/channel\/UCeEZFxHybJ09ab5Ue9qgE4g\" target=\"_blank\" rel=\"noopener\"><img loading=\"lazy\" decoding=\"async\" class=\"alignnone wp-image-4314\" src=\"https:\/\/plano-wfm.com\/de-de\/wp-content\/uploads\/sites\/40\/2024\/06\/20230714-YouTube.png?w=876\" alt=\"\" width=\"30\" height=\"30\" \/> <\/a><a href=\"https:\/\/www.facebook.com\/plano.wfm\" target=\"_blank\" rel=\"noopener\"><img loading=\"lazy\" decoding=\"async\" class=\"alignnone wp-image-4311\" src=\"https:\/\/plano-wfm.com\/de-de\/wp-content\/uploads\/sites\/40\/2024\/06\/20230714-Facebook.png?w=876\" alt=\"\" width=\"30\" height=\"30\" \/><\/a><\/p>\n","protected":false},"excerpt":{"rendered":"<p>La gestion de la capacit\u00e9 est le processus par lequel une organisation planifie, g\u00e8re et optimise structurellement sa capacit\u00e9, afin [&#8230;]<\/p>\n","protected":false},"author":259,"featured_media":5788,"comment_status":"open","ping_status":"open","sticky":false,"template":"","format":"standard","meta":{"_acf_changed":false,"_trash_the_other_posts":false,"_jetpack_memberships_contains_paid_content":false,"footnotes":""},"categories":[3],"tags":[],"class_list":["post-5647","post","type-post","status-publish","format-standard","has-post-thumbnail","hentry","category-knowledge"],"acf":[],"jetpack_featured_media_url":"https:\/\/plano-wfm.com\/be-fr\/wp-content\/uploads\/sites\/64\/2026\/04\/20260413-Was-ist-Franzosisch_Pink.jpg","jetpack_sharing_enabled":true,"_links":{"self":[{"href":"https:\/\/plano-wfm.com\/be-fr\/wp-json\/wp\/v2\/posts\/5647","targetHints":{"allow":["GET"]}}],"collection":[{"href":"https:\/\/plano-wfm.com\/be-fr\/wp-json\/wp\/v2\/posts"}],"about":[{"href":"https:\/\/plano-wfm.com\/be-fr\/wp-json\/wp\/v2\/types\/post"}],"author":[{"embeddable":true,"href":"https:\/\/plano-wfm.com\/be-fr\/wp-json\/wp\/v2\/users\/259"}],"replies":[{"embeddable":true,"href":"https:\/\/plano-wfm.com\/be-fr\/wp-json\/wp\/v2\/comments?post=5647"}],"version-history":[{"count":6,"href":"https:\/\/plano-wfm.com\/be-fr\/wp-json\/wp\/v2\/posts\/5647\/revisions"}],"predecessor-version":[{"id":5758,"href":"https:\/\/plano-wfm.com\/be-fr\/wp-json\/wp\/v2\/posts\/5647\/revisions\/5758"}],"wp:featuredmedia":[{"embeddable":true,"href":"https:\/\/plano-wfm.com\/be-fr\/wp-json\/wp\/v2\/media\/5788"}],"wp:attachment":[{"href":"https:\/\/plano-wfm.com\/be-fr\/wp-json\/wp\/v2\/media?parent=5647"}],"wp:term":[{"taxonomy":"category","embeddable":true,"href":"https:\/\/plano-wfm.com\/be-fr\/wp-json\/wp\/v2\/categories?post=5647"},{"taxonomy":"post_tag","embeddable":true,"href":"https:\/\/plano-wfm.com\/be-fr\/wp-json\/wp\/v2\/tags?post=5647"}],"curies":[{"name":"wp","href":"https:\/\/api.w.org\/{rel}","templated":true}]}}