{"id":10231,"date":"2026-08-31T15:06:10","date_gmt":"2026-08-31T13:06:10","guid":{"rendered":"https:\/\/plano-wfm.com\/de-de\/?p=10231"},"modified":"2026-09-01T15:07:17","modified_gmt":"2026-09-01T13:07:17","slug":"vertrauensarbeitszeit","status":"publish","type":"post","link":"https:\/\/plano-wfm.com\/de-de\/vertrauensarbeitszeit\/","title":{"rendered":"Vertrauensarbeitszeit"},"content":{"rendered":"<p><span data-contrast=\"auto\">Immer wieder hei\u00dft es: \u201eDie Deutschen m\u00fcssen l\u00e4nger arbeiten!\u201c. Die Forderung geh\u00f6rt inzwischen zum festen Repertoire der wirtschafts- und sozialpolitischen Debatte. Zuletzt machte Bundeswirtschaftsministerin Katherina Reiche mit der Aussage Schlagzeilen, Deutschland m\u00fcsse \u201emehr und l\u00e4nger arbeiten\u201c, um die Herausforderungen des demografischen Wandels zu bew\u00e4ltigen. Doch die Gleichung \u201emehr Arbeitszeit = mehr Leistung\u201c greift zu kurz. Arbeitswissenschaftliche Studien zeigen seit Jahren, dass Produktivit\u00e4t nicht linear mit der Arbeitsdauer steigt. Mit zunehmender Arbeitszeit nehmen Ersch\u00f6pfung, Fehleranf\u00e4lligkeit und gesundheitliche Belastungen zu. Entscheidend ist daher nicht nur die L\u00e4nge der Arbeitszeit, sondern vor allem die Qualit\u00e4t der Arbeitsorganisation.<\/span><span data-ccp-props=\"{&quot;134233117&quot;:false,&quot;134233118&quot;:false,&quot;201341983&quot;:0,&quot;335559738&quot;:210,&quot;335559739&quot;:210,&quot;335559740&quot;:300}\">\u00a0<\/span><\/p>\n<p><i><span data-contrast=\"auto\">Quelle: <a href=\"http:\/\/tagesschau.de\" target=\"_blank\" rel=\"noopener\">tagesschau.de<\/a><\/span><\/i><span data-ccp-props=\"{&quot;134233117&quot;:false,&quot;134233118&quot;:false,&quot;201341983&quot;:0,&quot;335559738&quot;:210,&quot;335559739&quot;:210,&quot;335559740&quot;:300}\">\u00a0<\/span><\/p>\n<p><span data-contrast=\"auto\">Wenn also nicht die Anzahl der geleisteten Stunden \u00fcber den Unternehmenserfolg entscheidet, r\u00fcckt eine andere Frage in den Mittelpunkt: Wie k\u00f6nnen Arbeitszeiten so gestaltet werden, dass Betriebe effizient arbeiten und Besch\u00e4ftigte gleichzeitig motiviert und gesund bleiben? Die Antwort liegt zunehmend in flexiblen Arbeitszeitmodellen wie Gleitzeit, Vertrauensarbeitszeit oder hybriden Schichtkonzepten. Sie erm\u00f6glichen es, Arbeitszeiten st\u00e4rker an betriebliche Anforderungen und individuelle Bed\u00fcrfnisse anzupassen. Allerdings entfalten solche Modelle ihr Potenzial nur dann, wenn Planung und Steuerung professionell erfolgen. Genau hier zeigt sich, warum starre Dienstpl\u00e4ne l\u00e4ngst nicht mehr zeitgem\u00e4\u00df sind.<\/span><span data-ccp-props=\"{&quot;134233117&quot;:false,&quot;134233118&quot;:false,&quot;201341983&quot;:0,&quot;335559738&quot;:210,&quot;335559739&quot;:210,&quot;335559740&quot;:300}\">\u00a0<\/span><\/p>\n<p><span data-contrast=\"auto\">Die eigentliche L\u00f6sung liegt nicht in l\u00e4ngeren Wochen, sondern in flexiblen Arbeitszeitmodellen und in der richtigen WFM-Software, die diese Vielfalt steuert.\u00a0<\/span><\/p>\n","protected":false},"excerpt":{"rendered":"<p>Immer wieder hei\u00dft es: \u201eDie Deutschen m\u00fcssen l\u00e4nger arbeiten!\u201c. Die Forderung geh\u00f6rt inzwischen zum festen Repertoire der wirtschafts- und sozialpolitischen [&#8230;]<\/p>\n","protected":false},"author":227,"featured_media":10234,"comment_status":"open","ping_status":"open","sticky":false,"template":"","format":"standard","meta":{"_acf_changed":false,"_trash_the_other_posts":false,"_jetpack_newsletter_access":"","_jetpack_dont_email_post_to_subs":false,"_jetpack_newsletter_tier_id":0,"_jetpack_memberships_contains_paywalled_content":false,"_jetpack_feature_clip_id":0,"_jetpack_memberships_contains_paid_content":false,"footnotes":"","jetpack_post_was_ever_published":false},"categories":[3],"tags":[],"class_list":["post-10231","post","type-post","status-publish","format-standard","has-post-thumbnail","hentry","category-blog"],"acf":[],"jetpack_sharing_enabled":true,"jetpack_featured_media_url":"https:\/\/plano-wfm.com\/de-de\/wp-content\/uploads\/sites\/40\/2026\/09\/20260821-Header_vertrauensarbeitszeit.jpg","_links":{"self":[{"href":"https:\/\/plano-wfm.com\/de-de\/wp-json\/wp\/v2\/posts\/10231","targetHints":{"allow":["GET"]}}],"collection":[{"href":"https:\/\/plano-wfm.com\/de-de\/wp-json\/wp\/v2\/posts"}],"about":[{"href":"https:\/\/plano-wfm.com\/de-de\/wp-json\/wp\/v2\/types\/post"}],"author":[{"embeddable":true,"href":"https:\/\/plano-wfm.com\/de-de\/wp-json\/wp\/v2\/users\/227"}],"replies":[{"embeddable":true,"href":"https:\/\/plano-wfm.com\/de-de\/wp-json\/wp\/v2\/comments?post=10231"}],"version-history":[{"count":27,"href":"https:\/\/plano-wfm.com\/de-de\/wp-json\/wp\/v2\/posts\/10231\/revisions"}],"predecessor-version":[{"id":10259,"href":"https:\/\/plano-wfm.com\/de-de\/wp-json\/wp\/v2\/posts\/10231\/revisions\/10259"}],"wp:featuredmedia":[{"embeddable":true,"href":"https:\/\/plano-wfm.com\/de-de\/wp-json\/wp\/v2\/media\/10234"}],"wp:attachment":[{"href":"https:\/\/plano-wfm.com\/de-de\/wp-json\/wp\/v2\/media?parent=10231"}],"wp:term":[{"taxonomy":"category","embeddable":true,"href":"https:\/\/plano-wfm.com\/de-de\/wp-json\/wp\/v2\/categories?post=10231"},{"taxonomy":"post_tag","embeddable":true,"href":"https:\/\/plano-wfm.com\/de-de\/wp-json\/wp\/v2\/tags?post=10231"}],"curies":[{"name":"wp","href":"https:\/\/api.w.org\/{rel}","templated":true}]}}